{"id":1680,"date":"2019-04-26T10:02:52","date_gmt":"2019-04-26T08:02:52","guid":{"rendered":"https:\/\/csocso.hu\/?p=1680"},"modified":"2019-12-08T09:52:23","modified_gmt":"2019-12-08T07:52:23","slug":"garlando-vb-2019-2","status":"publish","type":"post","link":"http:\/\/csocso.hu\/en\/garlando-vb-2019-2\/","title":{"rendered":"Garlando VB 2019"},"content":{"rendered":"<p><strong>Garlando\nvil\u00e1gbajnoks\u00e1g<\/strong><\/p>\n\n\n\n<p>Az el\u0151z\u0151 h\u00e9tv\u00e9g\u00e9n, <strong>vagyis\n\u00e1prilis 18 \u00e9s 21 k\u00f6z\u00f6tt rendezt\u00e9k a 2019-es Garlando vil\u00e1gbajnoks\u00e1got<\/strong>,\nmelyen t\u00f6bb magyar versenyz\u0151 is elindult. A cikkben a j\u00e1t\u00e9knapok r\u00f6vid\n\u00f6sszefoglal\u00f3j\u00e1t olvashatj\u00e1tok, a cikk v\u00e9g\u00e9n pedig megtekinthet\u0151 az \u00f6sszes\neredm\u00e9ny.<\/p>\n\n\n\n<p><strong>Cs\u00fct\u00f6rt\u00f6k (04.18)<\/strong><\/p>\n\n\n\n<p>A cs\u00fct\u00f6rt\u00f6ki napon a <strong>sorsol\u00e1sos\np\u00e1ros<\/strong> \u00e9s a <strong>bemeleg\u00edt\u0151 (warmup) p\u00e1ros<\/strong>\nkateg\u00f3ri\u00e1val pr\u00f3b\u00e1ltak a j\u00e1t\u00e9kosok r\u00e1hangol\u00f3dni a tov\u00e1bbi napokra. <\/p>\n\n\n\n<p>A sorsol\u00e1sos p\u00e1rosban Ikerv\u00e1ri Andrea cseh csapatt\u00e1rs\u00e1val\n49. lett, csak \u00fagy mint Fels\u0151 Katalin Tenke Kriszti\u00e1n oldal\u00e1n. Smolnauer Szabina\n33. helyen z\u00e1rta a kateg\u00f3ri\u00e1t. Detre D\u00e1vid viszont sikerrel vett minden\nakad\u00e1lyt \u00e9s osztr\u00e1k csapatt\u00e1rs\u00e1val 1. helyen v\u00e9geztek!<\/p>\n\n\n\n<p>A warmup doubles-ben Ikerv\u00e1ri Andrea Smolnauer Szabin\u00e1val a\n33. helyezettek lettek, hasonl\u00f3an az Ikerv\u00e1ri Robert \u00e9s Tenkre Kriszti\u00e1n\nalkotta p\u00e1roshoz.<\/p>\n\n\n\n<p>P\u00e9ntek (04.09)<\/p>\n\n\n\n<p>P\u00e9nteken reggel elindultak az <strong>egy\u00e9ni kateg\u00f3ri\u00e1k<\/strong>, melyhez d\u00e9lut\u00e1n csatlakozott a <strong>vegyes p\u00e1ros<\/strong>, illetve este a <strong>csat\u00e1rl\u00f6v\u00e9s<\/strong> is. <\/p>\n\n\n\n<p>N\u0151i egy\u00e9niben Jedlicska Tamara a 65. helyen, m\u00edg Fels\u0151 Katalin, Ikerv\u00e1ri Andrea \u00e9s Tak\u00e1cs No\u00e9mi 33. helyezettk\u00e9nt z\u00e1rta a kateg\u00f3ri\u00e1t. <\/p>\n\n\n\n<p>Ny\u00edlt egy\u00e9niben a qvalifik\u00e1ci\u00f3t k\u00f6vet\u0151en T\u00e1lai Gergely a 129\nhelyen, Tenke Kriszti\u00e1n \u00e9s Vars\u00e1nyi Tibor a 65. helyen v\u00e9geztek a f\u0151t\u00e1bl\u00e1n.\nPusztaszegi \u00c1d\u00e1m a 33. Ikerv\u00e1ri R\u00f3bert, Rozsos G\u00e1bor \u00e9s Polacsek Andr\u00e1s\negyar\u00e1nt a 17. helyen z\u00e1rtak. Detre D\u00e1vid azonban meg\u0151rizte el\u0151z\u0151 napi j\u00f3\nform\u00e1j\u00e1t \u00e9s egy\u00e9niben az 5. helyig jutott!<\/p>\n\n\n\n<figure class=\"wp-block-image is-resized\"><img fetchpriority=\"high\" decoding=\"async\" src=\"https:\/\/csocso.hu\/wp-content\/uploads\/2019\/04\/57459347_368107080469043_6857612052018495488_n-1024x768.jpg\" alt=\"\" class=\"wp-image-1670\" width=\"332\" height=\"250\"\/><\/figure>\n\n\n\n<p>Vegyes p\u00e1rosban a Rozsos G\u00e1bor \u00e9s Ikerv\u00e1ri Andrea alkotta\ncsapat a 33. helyig, Fels\u0151 Katalin a 17 helyig jutott, m\u00edg a Jedlicska Tamara,\nDetre D\u00e1vid p\u00e1ros a 9. helyezett lett. Smolnauer Szabina, a n\u00e9met Oke Harms-al\naz oldal\u00e1n pedig meg sem \u00e1llt az 5. helyig!<\/p>\n\n\n\n<p>A csat\u00e1rl\u00f6v\u00e9sben azok pr\u00f3b\u00e1lhatt\u00e1k ki magukat, akik koraeste\nm\u00e1r nem voltak \u00e9rintettek m\u00e1s kateg\u00f3ri\u00e1ban. Tenke Kriszti\u00e1n a 17. helyen, T\u00e1lai\nGergely a 7. helyen v\u00e9gzett, Vars\u00e1nyi Tibor pedig megnyerte, 1. helyezettk\u00e9nt\nz\u00e1rta a kateg\u00f3ri\u00e1t.<\/p>\n\n\n\n<p><strong>Szombat (04.20)<\/strong><\/p>\n\n\n\n<p>A szombati j\u00e1t\u00e9knapon a <strong>ny\u00edlt\n\u00e9s n\u0151i p\u00e1ros kateg\u00f3ri\u00e1k<\/strong> mellett az <strong>Old\nSchool p\u00e1rosba<\/strong> nevezhettek a j\u00e1t\u00e9kosok. <\/p>\n\n\n\n<p>N\u0151i p\u00e1ros kateg\u00f3ri\u00e1ban Fels\u0151 Katalin a 9. helyezett lett\namerikai csapatt\u00e1rs\u00e1val. Rajta k\u00edv\u00fcl k\u00e9t magyar p\u00e1ros indult, Ikerv\u00e1ri Andrea\n\u00e9s Smolnauer Szabina az 5. helyen v\u00e9geztek. Tak\u00e1cs No\u00e9minak \u00e9s Jedlicska\nTamar\u00e1nak, pedig siker\u00fclt a d\u00f6nt\u0151be menetelve a 2. helyet elhozni a vil\u00e1gbajnoks\u00e1gon!<\/p>\n\n\n\n<figure class=\"wp-block-image is-resized\"><img decoding=\"async\" src=\"https:\/\/csocso.hu\/wp-content\/uploads\/2019\/04\/58373949_700373953754716_4411461686834233344_n-1-1024x768.jpg\" alt=\"\" class=\"wp-image-1673\" width=\"334\" height=\"250\" srcset=\"http:\/\/csocso.hu\/wp-content\/uploads\/2019\/04\/58373949_700373953754716_4411461686834233344_n-1-1024x768.jpg 1024w, http:\/\/csocso.hu\/wp-content\/uploads\/2019\/04\/58373949_700373953754716_4411461686834233344_n-1-300x225.jpg 300w, http:\/\/csocso.hu\/wp-content\/uploads\/2019\/04\/58373949_700373953754716_4411461686834233344_n-1-768x576.jpg 768w, http:\/\/csocso.hu\/wp-content\/uploads\/2019\/04\/58373949_700373953754716_4411461686834233344_n-1-600x450.jpg 600w\" sizes=\"(max-width: 334px) 100vw, 334px\" \/><\/figure>\n\n\n\n<p>A ny\u00edlt p\u00e1ros kateg\u00f3ri\u00e1ban is t\u00f6bben \u00e9rintettek voltak.\nTenke Kriszti\u00e1n 65. hellyel z\u00e1rt Portug\u00e1l csapatt\u00e1rs\u00e1val. T\u00e1lai Gergely n\u00e9met\np\u00e1rj\u00e1val a 33. helyen v\u00e9geztek, ak\u00e1rcsak a Vars\u00e1nyi Tibor, Wicki \u00c1pr\u00e1d p\u00e1ros.\nDetre D\u00e1vid\u00e9k \u00e9s Pusztaszegi \u00c1d\u00e1m\u00e9k a 17. helyen fejezt\u00e9k be a kateg\u00f3ri\u00e1t.\nRozsos G\u00e1bor \u00e9s Polacsek Andr\u00e1s csak a 9. helyen tal\u00e1ltak legy\u0151z\u0151re, ahogy\nIkerv\u00e1ri R\u00f3bert \u00e9s Britt csapatt\u00e1rsa is.<\/p>\n\n\n\n<figure class=\"wp-block-image is-resized\"><img decoding=\"async\" src=\"https:\/\/csocso.hu\/wp-content\/uploads\/2019\/04\/58380575_847965672213559_5548450516335329280_n-1024x768.jpg\" alt=\"\" class=\"wp-image-1675\" width=\"333\" height=\"250\" srcset=\"http:\/\/csocso.hu\/wp-content\/uploads\/2019\/04\/58380575_847965672213559_5548450516335329280_n-1024x768.jpg 1024w, http:\/\/csocso.hu\/wp-content\/uploads\/2019\/04\/58380575_847965672213559_5548450516335329280_n-300x225.jpg 300w, http:\/\/csocso.hu\/wp-content\/uploads\/2019\/04\/58380575_847965672213559_5548450516335329280_n-768x576.jpg 768w, http:\/\/csocso.hu\/wp-content\/uploads\/2019\/04\/58380575_847965672213559_5548450516335329280_n-600x450.jpg 600w\" sizes=\"(max-width: 333px) 100vw, 333px\" \/><\/figure>\n\n\n\n<p>Az Old School p\u00e1rosban T\u00e1lai Gergely \u00e9s n\u00e9met csapatt\u00e1rsa a\n65. helyen, Vars\u00e1nyi Tibor \u00e9s Wicki \u00c1rp\u00e1d a 25. helyig jutottak. Detre D\u00e1vid\u00e9k\npedig a 7. helyen z\u00e1rt\u00e1k a j\u00e1t\u00e9knap utols\u00f3 kateg\u00f3ri\u00e1j\u00e1t.<\/p>\n\n\n\n<p><strong>Vas\u00e1rnap (04.21)<\/strong><\/p>\n\n\n\n<p>A vas\u00e1rnapi z\u00e1r\u00f3napra a<strong>\nklasszikus p\u00e1ros<\/strong> versenysz\u00e1mok maradt csak h\u00e1tra.<\/p>\n\n\n\n<p>Klasszikus n\u0151i p\u00e1rosban \u00f6t magyar j\u00e1t\u00e9kos is elindult.\nTak\u00e1cs No\u00e9mi \u00e9s Jedlicska Tamara a 17. helyen, m\u00edg Ikerv\u00e1ri Andrea \u00e9s Smolnauer\nSzabina a 9. helyen v\u00e9geztek. Fels\u0151 Katalin \u00e9s amerikai p\u00e1rja, viszont eg\u00e9szen\na 4. helyig jutottak a kateg\u00f3ri\u00e1ban.<\/p>\n\n\n\n<p>A klasszikus ny\u00edlt p\u00e1rosban Detre D\u00e1vid \u00e9s n\u00e9met p\u00e1rja a\n65., Rozsos G\u00e1bor \u00e9s Polacsek Andr\u00e1s a 33. helyen fejezt\u00e9k be. T\u00e1lai Gergely\u00e9k\na 17. helyen z\u00e1rtak, ak\u00e1rcsak az Ikerv\u00e1ri R\u00f3bert \u00e9s Tenke Kriszti\u00e1n alkotta\ncsapat.<\/p>\n\n\n\n<p>Gratul\u00e1lunk minden versenyz\u0151nek az el\u00e9rt eredm\u00e9nyekhez! A verseny \u00f6sszes eredm\u00e9ny\u00e9t az al\u00e1bbi linken tekinthetitek meg.<\/p>\n\n\n\n<p><a href=\"http:\/\/fast.tfboe.org:12000\/fast\/tournament\/players_station\/players_station_home.jsp?tournamentId=3104&amp;originalTournamentId=0&amp;lang=de&amp;playerId=0&amp;screenIndex=1&amp;noTimeout=true&amp;barCode=null&amp;display=competitions\" target=\"_blank\" rel=\"noreferrer noopener\" aria-label=\"http:\/\/fast.tfboe.org:12000\/fast\/tournament\/players_station\/players_station_home.jsp?tournamentId=3104&amp;originalTournamentId=0&amp;lang=de&amp;playerId=0&amp;screenIndex=1&amp;noTimeout=true&amp;barCode=null&amp;display=competitions (\u00faj f\u00fcl\u00f6n nyitja meg)\">http:\/\/fast.tfboe.org:12000\/fast\/tournament\/players_station\/players_station_home.jsp?tournamentId=3104&amp;originalTournamentId=0&amp;lang=de&amp;playerId=0&amp;screenIndex=1&amp;noTimeout=true&amp;barCode=null&amp;display=competitions<\/a><\/p>","protected":false},"excerpt":{"rendered":"<p>Garlando vil\u00e1gbajnoks\u00e1g Az el\u0151z\u0151 h\u00e9tv\u00e9g\u00e9n, vagyis \u00e1prilis 18 \u00e9s 21 k\u00f6z\u00f6tt rendezt\u00e9k a 2019-es Garlando vil\u00e1gbajnoks\u00e1got, melyen t\u00f6bb magyar versenyz\u0151 is elindult. A cikkben a j\u00e1t\u00e9knapok r\u00f6vid \u00f6sszefoglal\u00f3j\u00e1t olvashatj\u00e1tok, a [&hellip;]<\/p>\n","protected":false},"author":4,"featured_media":0,"comment_status":"closed","ping_status":"closed","sticky":false,"template":"","format":"standard","meta":{"site-sidebar-layout":"default","site-content-layout":"default","ast-site-content-layout":"default","site-content-style":"default","site-sidebar-style":"default","ast-global-header-display":"","ast-banner-title-visibility":"","ast-main-header-display":"","ast-hfb-above-header-display":"","ast-hfb-below-header-display":"","ast-hfb-mobile-header-display":"","site-post-title":"","ast-breadcrumbs-content":"","ast-featured-img":"","footer-sml-layout":"","theme-transparent-header-meta":"default","adv-header-id-meta":"","stick-header-meta":"","header-above-stick-meta":"","header-main-stick-meta":"","header-below-stick-meta":"","astra-migrate-meta-layouts":"default","ast-page-background-enabled":"default","ast-page-background-meta":{"desktop":{"background-color":"","background-image":"","background-repeat":"repeat","background-position":"center center","background-size":"auto","background-attachment":"scroll","background-type":"","background-media":"","overlay-type":"","overlay-color":"","overlay-opacity":"","overlay-gradient":""},"tablet":{"background-color":"","background-image":"","background-repeat":"repeat","background-position":"center center","background-size":"auto","background-attachment":"scroll","background-type":"","background-media":"","overlay-type":"","overlay-color":"","overlay-opacity":"","overlay-gradient":""},"mobile":{"background-color":"","background-image":"","background-repeat":"repeat","background-position":"center center","background-size":"auto","background-attachment":"scroll","background-type":"","background-media":"","overlay-type":"","overlay-color":"","overlay-opacity":"","overlay-gradient":""}},"ast-content-background-meta":{"desktop":{"background-color":"var(--ast-global-color-5)","background-image":"","background-repeat":"repeat","background-position":"center center","background-size":"auto","background-attachment":"scroll","background-type":"","background-media":"","overlay-type":"","overlay-color":"","overlay-opacity":"","overlay-gradient":""},"tablet":{"background-color":"var(--ast-global-color-5)","background-image":"","background-repeat":"repeat","background-position":"center center","background-size":"auto","background-attachment":"scroll","background-type":"","background-media":"","overlay-type":"","overlay-color":"","overlay-opacity":"","overlay-gradient":""},"mobile":{"background-color":"var(--ast-global-color-5)","background-image":"","background-repeat":"repeat","background-position":"center center","background-size":"auto","background-attachment":"scroll","background-type":"","background-media":"","overlay-type":"","overlay-color":"","overlay-opacity":"","overlay-gradient":""}},"footnotes":""},"categories":[2],"tags":[],"class_list":["post-1680","post","type-post","status-publish","format-standard","hentry","category-szovetseg"],"_links":{"self":[{"href":"http:\/\/csocso.hu\/en\/wp-json\/wp\/v2\/posts\/1680","targetHints":{"allow":["GET"]}}],"collection":[{"href":"http:\/\/csocso.hu\/en\/wp-json\/wp\/v2\/posts"}],"about":[{"href":"http:\/\/csocso.hu\/en\/wp-json\/wp\/v2\/types\/post"}],"author":[{"embeddable":true,"href":"http:\/\/csocso.hu\/en\/wp-json\/wp\/v2\/users\/4"}],"replies":[{"embeddable":true,"href":"http:\/\/csocso.hu\/en\/wp-json\/wp\/v2\/comments?post=1680"}],"version-history":[{"count":0,"href":"http:\/\/csocso.hu\/en\/wp-json\/wp\/v2\/posts\/1680\/revisions"}],"wp:attachment":[{"href":"http:\/\/csocso.hu\/en\/wp-json\/wp\/v2\/media?parent=1680"}],"wp:term":[{"taxonomy":"category","embeddable":true,"href":"http:\/\/csocso.hu\/en\/wp-json\/wp\/v2\/categories?post=1680"},{"taxonomy":"post_tag","embeddable":true,"href":"http:\/\/csocso.hu\/en\/wp-json\/wp\/v2\/tags?post=1680"}],"curies":[{"name":"wp","href":"https:\/\/api.w.org\/{rel}","templated":true}]}}